{"id":4001,"date":"2025-06-06T17:38:49","date_gmt":"2025-06-06T14:38:49","guid":{"rendered":"https:\/\/droptimes.com.br\/site\/?p=4001"},"modified":"2025-06-06T17:38:50","modified_gmt":"2025-06-06T14:38:50","slug":"festa-raro-chega-a-sao-paulo-com-tematica-pride-2","status":"publish","type":"post","link":"https:\/\/droptimes.com.br\/site\/festa-raro-chega-a-sao-paulo-com-tematica-pride-2\/","title":{"rendered":"Festa Raro chega a S\u00e3o Paulo com tem\u00e1tica PRIDE"},"content":{"rendered":"\n<h4 class=\"wp-block-heading\"><em>Edi\u00e7\u00e3o \u201cSupernova\u201d acontece dia 20 de junho no High Club com Barja, Bruno Be e mais<\/em><\/h4>\n\n\n\n<h4 class=\"wp-block-heading\"><em>Ingressos j\u00e1 est\u00e3o dispon\u00edveis<\/em><\/h4>\n\n\n\n<p>Com uma met\u00e1fora inspirada na trajet\u00f3ria de supera\u00e7\u00e3o e brilho da comunidade LGBTQIA+, a festa&nbsp;<a href=\"https:\/\/gmail.us22.list-manage.com\/track\/click?u=7a86e638012668149025d8237&amp;id=09d1c231b1&amp;e=ec09cd488c\" target=\"_blank\" rel=\"noreferrer noopener\"><strong>Raro<\/strong><\/a>&nbsp;anuncia a edi\u00e7\u00e3o&nbsp;<strong>\u201cSupernova\u201d<\/strong>&nbsp;no dia&nbsp;<strong>20 de junho<\/strong>&nbsp;no&nbsp;<strong>High Club<\/strong>, em&nbsp;<strong>S\u00e3o Paulo<\/strong>, celebrando a tem\u00e1tica pride com foco em inclus\u00e3o, pot\u00eancia criativa e conex\u00e3o entre p\u00fablicos diversos. Os ingressos est\u00e3o \u00e0 venda na&nbsp;<a href=\"https:\/\/gmail.us22.list-manage.com\/track\/click?u=7a86e638012668149025d8237&amp;id=1b9f2884f3&amp;e=ec09cd488c\" target=\"_blank\" rel=\"noreferrer noopener\">plataforma ShotGun<\/a>.<\/p>\n\n\n\n<p>O line-up da data se divide em duas pistas com mais de 12 artistas. A primeira, no palco Supernova, conta com&nbsp;<strong>Barja, Bruno Be, Mila Journ\u00e9e, Pontifexx, Ricardo Goii&nbsp;<\/strong>e<strong>&nbsp;Sandeville<\/strong>, enquanto a segunda, no palco Universo Raro, traz&nbsp;<strong>Bruno Moutinho, Filipe Guerra, Gui Valenga || Dross, Jhon W, Ponzo, Rob Phillips&nbsp;<\/strong>e<strong>&nbsp;Yan Rabello<\/strong>.<\/p>\n\n\n\n<p>Criada em 2022, em Goi\u00e2nia, a Raro chegou para oferecer experi\u00eancias sensoriais que unem m\u00fasica eletr\u00f4nica e projeto visual e arquitet\u00f4nico diferenciado, sob o comando do arquiteto Wilker Godoi, do produtor Rennan Souza e do designer Jean Zebedeu.<\/p>\n\n\n\n<p>Cada edi\u00e7\u00e3o entrega uma narrativa visual e tem\u00e1tica diferente, que inspira o p\u00fablico a fazer parte do conceito. Em S\u00e3o Paulo, a&nbsp;met\u00e1fora foi escolhida para representar o nome, a produ\u00e7\u00e3o e a estrutura da festa em plena semana de orgulho LGBT+, traduzindo a for\u00e7a de uma comunidade que cria uma constela\u00e7\u00e3o de pessoas com brilho pr\u00f3prio, pois&nbsp;Supernova significa a explos\u00e3o final de uma estrela, sendo um evento raro e extraordin\u00e1rio que libera uma grande quantidade de luz e energia.<\/p>\n\n\n\n<p><em>\u201cAcreditamos na m\u00fasica como ess\u00eancia e na festa como forma de arte. Cada edi\u00e7\u00e3o \u00e9 uma narrativa viva que une m\u00fasica, arquitetura e estilo em uma experi\u00eancia imersiva, incentivando o p\u00fablico a se expressar e viver algo \u00fanico\u201d,&nbsp;<\/em>comentam os organizadores.<\/p>\n\n\n\n<p>Com objetivo de tornar a Raro uma refer\u00eancia nacional em projetos visuais in\u00e9ditos e curadoria musical, a edi\u00e7\u00e3o no dia 20 de junho promete integrar diferentes p\u00fablicos da m\u00fasica eletr\u00f4nica em uma s\u00f3 celebra\u00e7\u00e3o.<\/p>\n\n\n\n<p><strong>Acompanhe Raro:\u00a0<\/strong><a href=\"https:\/\/gmail.us22.list-manage.com\/track\/click?u=7a86e638012668149025d8237&amp;id=ef4c7d02dc&amp;e=ec09cd488c\" target=\"_blank\" rel=\"noreferrer noopener\">Instagram<\/a>\u00a0|\u00a0<a href=\"https:\/\/gmail.us22.list-manage.com\/track\/click?u=7a86e638012668149025d8237&amp;id=e06d4d2b32&amp;e=ec09cd488c\" target=\"_blank\" rel=\"noreferrer noopener\">SoundCloud<\/a>\u00a0|\u00a0<a href=\"https:\/\/gmail.us22.list-manage.com\/track\/click?u=7a86e638012668149025d8237&amp;id=873088b039&amp;e=ec09cd488c\" target=\"_blank\" rel=\"noreferrer noopener\">WhatsApp<\/a><\/p>\n\n\n\n<p><strong>Servi\u00e7o:<\/strong><\/p>\n\n\n\n<p><strong>Raro Supernova<\/strong><\/p>\n\n\n\n<p><strong>Data:<\/strong>&nbsp;20 de junho de 2025 (sexta-feira)<\/p>\n\n\n\n<p><strong>Hor\u00e1rio:<\/strong>&nbsp;das 22h \u00e0s 11h<\/p>\n\n\n\n<p><strong>Local:<\/strong>&nbsp;High Club (Rua Jo\u00e3o Rudge, 115 &#8211; Casa Verde, S\u00e3o Paulo &#8211; SP)<\/p>\n\n\n\n<p><strong>Atra\u00e7\u00f5es:<\/strong>&nbsp;Palco Supernova &#8211;&nbsp;Barja, Bruno Be, Mila Journ\u00e9e, Pontifexx, Ricardo Goii e Sandeville | Palco Universo Raro &#8211; Bruno Moutinho, Filipe Guerra, Gui Valenga || Dross, Jhon W, Ponzo, Rob Phillips e Yan Rabello.<\/p>\n\n\n\n<p><strong>Ingressos:&nbsp;<\/strong>sujeito a disponibilidade de lote via ShotGun [<a href=\"https:\/\/gmail.us22.list-manage.com\/track\/click?u=7a86e638012668149025d8237&amp;id=9b6b14d5d8&amp;e=ec09cd488c\" target=\"_blank\" rel=\"noreferrer noopener\">https:\/\/shotgun.live\/pt-br\/festivals\/raro-pride<\/a>] nos setores pista, camarote, backstage &#8211; open bar premium e camarote exclusivo.<\/p>\n\n\n\n<p><strong>Classifica\u00e7\u00e3o:&nbsp;<\/strong>18 anos<\/p>\n\n\n\n<p><strong>Informa\u00e7\u00f5es para imprensa<\/strong><\/p>\n\n\n\n<p><strong>Das Musik<\/strong><\/p>\n\n\n\n<p>@dasmusikbr<\/p>\n\n\n\n<p>Vit\u00f3ria Martins Zane<\/p>\n\n\n\n<p><a href=\"mailto:vitoria@dasmusikbr.com\" target=\"_blank\" rel=\"noreferrer noopener\">vitoria@dasmusikbr.com<\/a> | (11) 97525-0994<\/p>\n\n\n\n<p>Ana Luiza Van Hoorn<\/p>\n\n\n\n<p><a href=\"mailto:analuiza@dasmusikbr.com\" target=\"_blank\" rel=\"noreferrer noopener\">analuiza@dasmusikbr.com<\/a> | (11)\u00a096576-9320<\/p>\n","protected":false},"excerpt":{"rendered":"<p>Edi\u00e7\u00e3o \u201cSupernova\u201d acontece dia 20 de junho no High Club com Barja, Bruno Be e mais Ingressos j\u00e1 est\u00e3o dispon\u00edveis Com uma met\u00e1fora inspirada na trajet\u00f3ria de supera\u00e7\u00e3o e brilho da comunidade LGBTQIA+, a festa&nbsp;Raro&nbsp;anuncia a edi\u00e7\u00e3o&nbsp;\u201cSupernova\u201d&nbsp;no dia&nbsp;20 de junho&nbsp;no&nbsp;High Club, em&nbsp;S\u00e3o Paulo, celebrando a tem\u00e1tica pride com foco em inclus\u00e3o, pot\u00eancia criativa e conex\u00e3o [&hellip;]<\/p>\n","protected":false},"author":3,"featured_media":4002,"comment_status":"closed","ping_status":"closed","sticky":false,"template":"","format":"standard","meta":{"pagelayer_contact_templates":[],"_pagelayer_content":"","footnotes":""},"categories":[158,20],"tags":[171,174,170,301,432,169,279,430,431,167],"class_list":["post-4001","post","type-post","status-publish","format-standard","has-post-thumbnail","hentry","category-lancamentos","category-lifestyle","tag-afro-house","tag-dj","tag-edm","tag-festa-raro","tag-high-club","tag-house","tag-musica-eletronica-3","tag-pride","tag-sao-paulo","tag-techno"],"_links":{"self":[{"href":"https:\/\/droptimes.com.br\/site\/wp-json\/wp\/v2\/posts\/4001","targetHints":{"allow":["GET"]}}],"collection":[{"href":"https:\/\/droptimes.com.br\/site\/wp-json\/wp\/v2\/posts"}],"about":[{"href":"https:\/\/droptimes.com.br\/site\/wp-json\/wp\/v2\/types\/post"}],"author":[{"embeddable":true,"href":"https:\/\/droptimes.com.br\/site\/wp-json\/wp\/v2\/users\/3"}],"replies":[{"embeddable":true,"href":"https:\/\/droptimes.com.br\/site\/wp-json\/wp\/v2\/comments?post=4001"}],"version-history":[{"count":1,"href":"https:\/\/droptimes.com.br\/site\/wp-json\/wp\/v2\/posts\/4001\/revisions"}],"predecessor-version":[{"id":4004,"href":"https:\/\/droptimes.com.br\/site\/wp-json\/wp\/v2\/posts\/4001\/revisions\/4004"}],"wp:featuredmedia":[{"embeddable":true,"href":"https:\/\/droptimes.com.br\/site\/wp-json\/wp\/v2\/media\/4002"}],"wp:attachment":[{"href":"https:\/\/droptimes.com.br\/site\/wp-json\/wp\/v2\/media?parent=4001"}],"wp:term":[{"taxonomy":"category","embeddable":true,"href":"https:\/\/droptimes.com.br\/site\/wp-json\/wp\/v2\/categories?post=4001"},{"taxonomy":"post_tag","embeddable":true,"href":"https:\/\/droptimes.com.br\/site\/wp-json\/wp\/v2\/tags?post=4001"}],"curies":[{"name":"wp","href":"https:\/\/api.w.org\/{rel}","templated":true}]}}