{"id":3889,"date":"2025-05-29T13:54:54","date_gmt":"2025-05-29T10:54:54","guid":{"rendered":"https:\/\/droptimes.com.br\/site\/?p=3889"},"modified":"2025-05-29T13:54:55","modified_gmt":"2025-05-29T10:54:55","slug":"festival-cores-de-buzios-abre-vendas-para-edicao-historica-com-baianasystem-marcelo-falcao-e-mais","status":"publish","type":"post","link":"https:\/\/droptimes.com.br\/site\/festival-cores-de-buzios-abre-vendas-para-edicao-historica-com-baianasystem-marcelo-falcao-e-mais\/","title":{"rendered":"Festival Cores de B\u00fazios abre vendas para edi\u00e7\u00e3o hist\u00f3rica com Baianasystem, Marcelo Falc\u00e3o e mais"},"content":{"rendered":"\n<p><em>Evento acontece em 26 de julho no Clube Aret\u00ea B\u00fazios e re\u00fane m\u00fasica, gastronomia, arte, educa\u00e7\u00e3o criativa, natureza e bem-estar em uma experi\u00eancia imersiva na Regi\u00e3o dos Lagos<\/em><\/p>\n\n\n\n<p>As vendas para o festival Cores de B\u00fazios est\u00e3o oficialmente abertas. A edi\u00e7\u00e3o do festival na Regi\u00e3o dos Lagos acontece no dia\u00a0<strong>26 de julho<\/strong>, no Clube Aret\u00ea B\u00fazios, e promete uma experi\u00eancia \u00fanica que une m\u00fasica, gastronomia, natureza, bem-estar e arte que inspira em um s\u00f3 lugar.<\/p>\n\n\n\n<p>Com mais de 10 atra\u00e7\u00f5es confirmadas, o line-up traz nomes de peso da m\u00fasica brasileira como\u00a0<strong>Baianasystem<\/strong>,\u00a0<strong>Marcelo Falc\u00e3o<\/strong>,\u00a0<strong>Baile do Marley<\/strong>,\u00a0<strong>Gira Vinil<\/strong>,\u00a0<strong>S\u00f4 Lyma<\/strong>\u00a0e o projeto\u00a0<strong>&#8220;ETC apresenta Bora Jam&#8221;<\/strong>, que contar\u00e1 com participa\u00e7\u00f5es de\u00a0<strong>Amanda Coronha<\/strong>,\u00a0<strong>Murilo Motta<\/strong>,\u00a0<strong>Rafael Cardoso<\/strong>\u00a0e\u00a0<strong>Rosalu<\/strong>. Uma mistura de ritmos e sonoridades para todos os gostos, num cen\u00e1rio de tirar o f\u00f4lego.<\/p>\n\n\n\n<p>O&nbsp;<strong>Festival Cores de B\u00fazios<\/strong>&nbsp;ser\u00e1 realizado no&nbsp;<strong>Clube Aret\u00ea B\u00fazios<\/strong>, um complexo de alto padr\u00e3o com estrutura completa para receber o p\u00fablico com conforto e seguran\u00e7a. O evento \u00e9 uma realiza\u00e7\u00e3o do&nbsp;<strong>Grupo Privil\u00e8ge<\/strong>, em parceria com a&nbsp;<strong>mango,<\/strong>&nbsp;ag\u00eancia criativa e laborat\u00f3rio cultural do Rio.&nbsp;<\/p>\n\n\n\n<p>Os ingressos j\u00e1 est\u00e3o dispon\u00edveis pela plataforma Ingresse, garanta j\u00e1 o seu!<\/p>\n\n\n\n<p><strong>Acompanhe Privil\u00e8ge B\u00fazios:&nbsp;<\/strong><a href=\"https:\/\/gmail.us22.list-manage.com\/track\/click?u=7a86e638012668149025d8237&amp;id=3f89d0df15&amp;e=ec09cd488c\" target=\"_blank\" rel=\"noreferrer noopener\">Instagram<\/a><\/p>\n\n\n\n<p><br><strong>Acompanhe Festival Cores de B\u00fazios:\u00a0<\/strong><a href=\"https:\/\/gmail.us22.list-manage.com\/track\/click?u=7a86e638012668149025d8237&amp;id=9bc5541e5d&amp;e=ec09cd488c\" target=\"_blank\" rel=\"noreferrer noopener\">Instagram<\/a><\/p>\n\n\n\n<p><strong>Servi\u00e7o<\/strong><\/p>\n\n\n\n<p><strong>Festival Cores de B\u00fazios<\/strong><\/p>\n\n\n\n<p><strong>Data:<\/strong>&nbsp;26 de julho de 2025<\/p>\n\n\n\n<p><strong>Hor\u00e1rio:<\/strong>&nbsp;das 13h at\u00e9 23h<\/p>\n\n\n\n<p><strong>Local:&nbsp;<\/strong>Clube Aret\u00ea\/ B\u00fazios &#8211; RJ<\/p>\n\n\n\n<p><strong>Atra\u00e7\u00f5es:&nbsp;<\/strong>Baianasystem, Marcelo Falc\u00e3o, ETC apresenta Bora Jam convida: Amanda Coronha, Murilo Motta, Rafael Cardoso e Rosalu<\/p>\n","protected":false},"excerpt":{"rendered":"<p>Evento acontece em 26 de julho no Clube Aret\u00ea B\u00fazios e re\u00fane m\u00fasica, gastronomia, arte, educa\u00e7\u00e3o criativa, natureza e bem-estar em uma experi\u00eancia imersiva na Regi\u00e3o dos Lagos As vendas para o festival Cores de B\u00fazios est\u00e3o oficialmente abertas. A edi\u00e7\u00e3o do festival na Regi\u00e3o dos Lagos acontece no dia\u00a026 de julho, no Clube Aret\u00ea [&hellip;]<\/p>\n","protected":false},"author":3,"featured_media":3890,"comment_status":"closed","ping_status":"closed","sticky":false,"template":"","format":"standard","meta":{"pagelayer_contact_templates":[],"_pagelayer_content":"","footnotes":""},"categories":[157],"tags":[372,374,370,373,371],"class_list":["post-3889","post","type-post","status-publish","format-standard","has-post-thumbnail","hentry","category-news","tag-baianasystem","tag-buzios","tag-cores-de-buzios","tag-marcelo-falcao","tag-regiao-dos-lagos"],"_links":{"self":[{"href":"https:\/\/droptimes.com.br\/site\/wp-json\/wp\/v2\/posts\/3889","targetHints":{"allow":["GET"]}}],"collection":[{"href":"https:\/\/droptimes.com.br\/site\/wp-json\/wp\/v2\/posts"}],"about":[{"href":"https:\/\/droptimes.com.br\/site\/wp-json\/wp\/v2\/types\/post"}],"author":[{"embeddable":true,"href":"https:\/\/droptimes.com.br\/site\/wp-json\/wp\/v2\/users\/3"}],"replies":[{"embeddable":true,"href":"https:\/\/droptimes.com.br\/site\/wp-json\/wp\/v2\/comments?post=3889"}],"version-history":[{"count":1,"href":"https:\/\/droptimes.com.br\/site\/wp-json\/wp\/v2\/posts\/3889\/revisions"}],"predecessor-version":[{"id":3891,"href":"https:\/\/droptimes.com.br\/site\/wp-json\/wp\/v2\/posts\/3889\/revisions\/3891"}],"wp:featuredmedia":[{"embeddable":true,"href":"https:\/\/droptimes.com.br\/site\/wp-json\/wp\/v2\/media\/3890"}],"wp:attachment":[{"href":"https:\/\/droptimes.com.br\/site\/wp-json\/wp\/v2\/media?parent=3889"}],"wp:term":[{"taxonomy":"category","embeddable":true,"href":"https:\/\/droptimes.com.br\/site\/wp-json\/wp\/v2\/categories?post=3889"},{"taxonomy":"post_tag","embeddable":true,"href":"https:\/\/droptimes.com.br\/site\/wp-json\/wp\/v2\/tags?post=3889"}],"curies":[{"name":"wp","href":"https:\/\/api.w.org\/{rel}","templated":true}]}}