{"id":3835,"date":"2025-05-27T03:16:31","date_gmt":"2025-05-27T00:16:31","guid":{"rendered":"https:\/\/droptimes.com.br\/site\/?p=3835"},"modified":"2025-07-08T16:32:47","modified_gmt":"2025-07-08T13:32:47","slug":"ade-2025","status":"publish","type":"post","link":"https:\/\/droptimes.com.br\/site\/ade-2025\/","title":{"rendered":"ADE 2025"},"content":{"rendered":"\n<p>A cada ano, o objetivo do ADE \u00e9 elevar ainda mais os benef\u00edcios do <strong>ADE Pro Pass<\/strong>, garantindo que voc\u00ea aproveite ao m\u00e1ximo seu investimento. Al\u00e9m do acesso \u00e0 Confer\u00eancia, Networking e Festival, voc\u00ea encontrar\u00e1 formas novas e aprimoradas de se conectar, expans\u00f5es na programa\u00e7\u00e3o da confer\u00eancia e mais melhorias na navega\u00e7\u00e3o pelos <strong>1.000+ eventos do Festival<\/strong>.<\/p>\n\n\n\n<hr class=\"wp-block-separator has-alpha-channel-opacity\"\/>\n\n\n\n<p><strong>Explore todos os novos benef\u00edcios j\u00e1 anunciados \u2014 e prepare-se para mais novidades em breve:<\/strong><br><a href=\"https:\/\/c.spotler.com\/ct\/m12\/k1\/G-6HKCX26x1W0Pu4X5laGJzxecLf2pTaz7shLDPsDZej5CZ7sHjLEPHyI-_T5uaisUbjn2KaPV3nU-6GvSvViJhLutfUfIXLiLNcWnjBBrqu9Iv012HuAosSfWBFp1S1\/Ahv72twFbLvBqBw\">Descubra todos os benef\u00edcios | Compre agora<\/a><\/p>\n\n\n\n<hr class=\"wp-block-separator has-alpha-channel-opacity\"\/>\n\n\n\n<h3 class=\"wp-block-heading\"><strong>\u00daltima chance: restam apenas 100 ingressos Early Bird<\/strong><\/h3>\n\n\n\n<p>Os ingressos <strong>ADE Pro Pass com tarifa Early Bird<\/strong> mais baixa est\u00e3o quase esgotados. Garanta o seu antes que os pre\u00e7os aumentem.<br><a href=\"https:\/\/c.spotler.com\/ct\/m12\/k1\/3kcnzQstavxBuLi3zP5oJ94qTJvW_kNsoCf1RNfzX-Mgmztz2gAU-F7dTTLzT54mwd2S5MW-KE7PkVa2onZOaBuk8pQN8FbeUPYtjRRNiyCrDTKBBt8JAt5lI4jbVlw0\/85GhdDhBLprvPuD\">Garanta os \u00faltimos ingressos Early Bird<\/a><\/p>\n\n\n\n<hr class=\"wp-block-separator has-alpha-channel-opacity\"\/>\n\n\n\n<h3 class=\"wp-block-heading\"><strong>Matchmaking Pro aprimorado, online e presencial<\/strong><\/h3>\n\n\n\n<p>Este ano, um dos maiores avan\u00e7os est\u00e1 nas formas como voc\u00ea pode <strong>conhecer pessoas e fazer neg\u00f3cios<\/strong> no ADE Pro. Haver\u00e1 <strong>formatos expandidos de networking<\/strong>, mais eventos voltados para neg\u00f3cios e melhorias significativas na <strong>plataforma de matchmaking online<\/strong>.<\/p>\n\n\n\n<p><a href=\"https:\/\/c.spotler.com\/ct\/m12\/k1\/LZMw--aHcnQ-IlAGO2_byunhS12NhArYp6ae8B6zBzAYB1Vxh0-zGbkSjjJWMJEoDeyDwck6R19g0xegS_6B3PODOXqneBKxm4DSmLNCAMUcd_nz0V5vvC5kQ4fEC8Rw\/s6eKMsRfj8HeTYj\">Saiba mais sobre os benef\u00edcios de networking<\/a><\/p>\n\n\n\n<hr class=\"wp-block-separator has-alpha-channel-opacity\"\/>\n\n\n\n<h3 class=\"wp-block-heading\"><strong>Masterclasses de alto n\u00edvel no ADE Pro<\/strong><\/h3>\n\n\n\n<p>Al\u00e9m das an\u00e1lises estrat\u00e9gicas e oportunidades que voc\u00ea j\u00e1 conhece do ADE Pro, neste ano apresentaremos uma <strong>nova s\u00e9rie de masterclasses de alt\u00edssimo n\u00edvel<\/strong>. Mergulhe nos processos criativos dos <strong>DJs, produtores e artistas mais ic\u00f4nicos do mundo<\/strong>.<\/p>\n\n\n\n<p><a href=\"https:\/\/c.spotler.com\/ct\/m12\/k1\/PBDToClCuEQ9woOzQQoQQK5kc9WGEyCgNV8usex43kMX4Ha8X3_DsQOkMer3aRT5h6mAgE0z98B1nh_EEFRtxzp9o-9iZw4DP5jZL1hz-wFZgSSaxMrYark2283QevR4\/XkzdYjnFwvK282d\">Veja os primeiros palestrantes confirmados<\/a><\/p>\n\n\n\n<figure class=\"wp-block-image size-large\"><img fetchpriority=\"high\" decoding=\"async\" width=\"1024\" height=\"683\" src=\"https:\/\/droptimes.com.br\/site\/wp-content\/uploads\/2025\/05\/image-26-1024x683.png\" alt=\"\" class=\"wp-image-3839\" srcset=\"https:\/\/droptimes.com.br\/site\/wp-content\/uploads\/2025\/05\/image-26-1024x683.png 1024w, https:\/\/droptimes.com.br\/site\/wp-content\/uploads\/2025\/05\/image-26-300x200.png 300w, https:\/\/droptimes.com.br\/site\/wp-content\/uploads\/2025\/05\/image-26-768x512.png 768w, https:\/\/droptimes.com.br\/site\/wp-content\/uploads\/2025\/05\/image-26.png 1200w\" sizes=\"(max-width: 1024px) 100vw, 1024px\" \/><\/figure>\n\n\n\n<hr class=\"wp-block-separator has-alpha-channel-opacity\"\/>\n\n\n\n<h3 class=\"wp-block-heading\"><strong>Expans\u00f5es no Mapa de Acesso ao Festival<\/strong><\/h3>\n\n\n\n<p>Ap\u00f3s o sucesso da introdu\u00e7\u00e3o do <strong>Mapa de Acesso ao Festival<\/strong> para todos os portadores do Pro Pass, este ano traremos <strong>ainda mais melhorias<\/strong>, facilitando sua <strong>navega\u00e7\u00e3o por Amsterd\u00e3 \u00e0 noite<\/strong> e garantindo uma experi\u00eancia mais fluida em mais de <strong>200 locais diferentes<\/strong>.<\/p>\n\n\n\n<p><a href=\"https:\/\/c.spotler.com\/ct\/m12\/k1\/fmyP9UH2-vVsRHRDZb8i2d7Yg8zviWthfQpiRvWtU3TQl6yBkAYTWp9VphI7vWcLlj4xOJ1eVCDGUMTSvAx8Hq1nuUSbzqgYiKKz1X2WC6M4_Y4Lyek063HrQeemN044\/aijgzJev7YCTpPF\">Confira tudo o que j\u00e1 foi confirmado<\/a><\/p>\n\n\n\n<hr class=\"wp-block-separator has-alpha-channel-opacity\"\/>\n\n\n\n<h3 class=\"wp-block-heading\"><strong>Arquivo completo do ADE Pro e ADE Lab sob demanda<\/strong><\/h3>\n\n\n\n<p>Pela primeira vez, a plataforma On Demand contar\u00e1 com <strong>mais de 3 anos de grava\u00e7\u00f5es do ADE Pro e ADE Lab<\/strong>. S\u00e3o mais de <strong>60 horas de palestras, keynotes, masterclasses<\/strong> e muito mais para voc\u00ea explorar no seu tempo.<\/p>\n\n\n\n<p><a href=\"https:\/\/c.spotler.com\/ct\/m12\/k1\/Wt_vYp7XaPiBZSnyvZRk0p0Dc45PR4UUU7-Us5NsHLqi-Z9Ksq5g8LwV_MSt3kDwpuFAfIISF5zBvVAtRa-Ad51pd7GXoGIZJ7N6Ws05040__J-G-WpiXH8dgWz89LKz\/s667e2YSdIFIJk5\">Adquira seu ADE Pro Pass<\/a><\/p>\n\n\n\n<p><\/p>\n","protected":false},"excerpt":{"rendered":"<p>A cada ano, o objetivo do ADE \u00e9 elevar ainda mais os benef\u00edcios do ADE Pro Pass, garantindo que voc\u00ea aproveite ao m\u00e1ximo seu investimento. Al\u00e9m do acesso \u00e0 Confer\u00eancia, Networking e Festival, voc\u00ea encontrar\u00e1 formas novas e aprimoradas de se conectar, expans\u00f5es na programa\u00e7\u00e3o da confer\u00eancia e mais melhorias na navega\u00e7\u00e3o pelos 1.000+ eventos [&hellip;]<\/p>\n","protected":false},"author":3,"featured_media":3836,"comment_status":"closed","ping_status":"closed","sticky":false,"template":"","format":"standard","meta":{"pagelayer_contact_templates":[],"_pagelayer_content":"","footnotes":""},"categories":[20,157],"tags":[337,338,339,340,279],"class_list":["post-3835","post","type-post","status-publish","format-standard","has-post-thumbnail","hentry","category-lifestyle","category-news","tag-ade","tag-amsterda","tag-amsterdam-dance-event","tag-holanda","tag-musica-eletronica-3"],"_links":{"self":[{"href":"https:\/\/droptimes.com.br\/site\/wp-json\/wp\/v2\/posts\/3835","targetHints":{"allow":["GET"]}}],"collection":[{"href":"https:\/\/droptimes.com.br\/site\/wp-json\/wp\/v2\/posts"}],"about":[{"href":"https:\/\/droptimes.com.br\/site\/wp-json\/wp\/v2\/types\/post"}],"author":[{"embeddable":true,"href":"https:\/\/droptimes.com.br\/site\/wp-json\/wp\/v2\/users\/3"}],"replies":[{"embeddable":true,"href":"https:\/\/droptimes.com.br\/site\/wp-json\/wp\/v2\/comments?post=3835"}],"version-history":[{"count":2,"href":"https:\/\/droptimes.com.br\/site\/wp-json\/wp\/v2\/posts\/3835\/revisions"}],"predecessor-version":[{"id":3840,"href":"https:\/\/droptimes.com.br\/site\/wp-json\/wp\/v2\/posts\/3835\/revisions\/3840"}],"wp:featuredmedia":[{"embeddable":true,"href":"https:\/\/droptimes.com.br\/site\/wp-json\/wp\/v2\/media\/3836"}],"wp:attachment":[{"href":"https:\/\/droptimes.com.br\/site\/wp-json\/wp\/v2\/media?parent=3835"}],"wp:term":[{"taxonomy":"category","embeddable":true,"href":"https:\/\/droptimes.com.br\/site\/wp-json\/wp\/v2\/categories?post=3835"},{"taxonomy":"post_tag","embeddable":true,"href":"https:\/\/droptimes.com.br\/site\/wp-json\/wp\/v2\/tags?post=3835"}],"curies":[{"name":"wp","href":"https:\/\/api.w.org\/{rel}","templated":true}]}}