{"id":3766,"date":"2025-05-22T17:19:12","date_gmt":"2025-05-22T14:19:12","guid":{"rendered":"https:\/\/droptimes.com.br\/site\/?p=3766"},"modified":"2025-05-22T17:21:02","modified_gmt":"2025-05-22T14:21:02","slug":"festival-cores-de-buzios-chega-para-fomentar-o-turismo-alem-de-trazer-cultura-sustentabilidade-e-musica-comandada-por-baianasystem-marcelo-falcao-e-mais-no-dia-26-de-julho","status":"publish","type":"post","link":"https:\/\/droptimes.com.br\/site\/festival-cores-de-buzios-chega-para-fomentar-o-turismo-alem-de-trazer-cultura-sustentabilidade-e-musica-comandada-por-baianasystem-marcelo-falcao-e-mais-no-dia-26-de-julho\/","title":{"rendered":"Festival Cores de B\u00fazios chega para fomentar o turismo, al\u00e9m de trazer cultura, sustentabilidade e m\u00fasica comandada por Baianasystem, Marcelo Falc\u00e3o e mais no dia 26 de julho"},"content":{"rendered":"\n<p><em>Ap\u00f3s o sucesso do Cores do Engenho em 2024, o festival expande suas fronteiras e realiza sua primeira edi\u00e7\u00e3o em B\u00fazios (RJ), reunindo arte, turismo e grandes nomes da m\u00fasica brasileira em uma proposta inovadora de impacto cultural e ambiental<\/em><\/p>\n\n\n\n<p>Ap\u00f3s o sucesso do Cores do Engenho, que aconteceu em agosto de 2024, o&nbsp;<strong>Festival<\/strong>&nbsp;<strong>Cores de B\u00fazios&nbsp;<\/strong>chega ao Rio de Janeiro, na regi\u00e3o dos lagos, pela primeira vez no dia&nbsp;<strong>26 de julho<\/strong>, concentrando arte, turismo, sustentabilidade, cultura e m\u00fasica em um s\u00f3 lugar. O evento contar\u00e1 com mais de 10 atra\u00e7\u00f5es musicais, tendo&nbsp;&nbsp;<strong>Baianasystem<\/strong>&nbsp;e&nbsp;<strong>Marcelo Falc\u00e3o&nbsp;<\/strong>entre eles.<\/p>\n\n\n\n<p>Recheado de brasilidades e good vibes para marcar o \u00ednicio de um nova jornada em B\u00fazios, o&nbsp;<strong>Festival<\/strong>&nbsp;<strong>Cores de B\u00fazios&nbsp;<\/strong>tem a m\u00fasica como um de seus pilares e traz para essa primeira edi\u00e7\u00e3o do evento, al\u00e9m dos headliners j\u00e1 citados, Baile do Marley, Gira Vinil, S\u00f4 Lyma e \u201cETC apresenta Bora Jam\u201d, com os convidados Amanda Coronha, Murilo Motta, Rafael Cardoso e Rosalu.<\/p>\n\n\n\n<p>Ao todo o festival conta com seis bandeiras importantes em seu projeto, sendo elas: M\u00fasica, gastronomia, cultura local, bem estar, educa\u00e7\u00e3o criativa e natureza. Um evento que vai muito al\u00e9m de festa e acrescenta muito \u00e0 comunidade local.<\/p>\n\n\n\n<p>O projeto se consolida como uma evolu\u00e7\u00e3o da primeira edi\u00e7\u00e3o realizada em agosto de 2024, o&nbsp;<strong>Cores do Engenho<\/strong>, em Ibitipoca (MG). A experi\u00eancia inicial demonstrou a viabilidade de um modelo de evento que promove o encontro entre manifesta\u00e7\u00f5es culturais locais, turismo sustent\u00e1vel e desenvolvimento territorial. O \u00eaxito do evento em Minas Gerais indicou caminhos para sua expans\u00e3o, adaptando o conceito a novas paisagens e contextos regionais. A escolha de B\u00fazios para a segunda edi\u00e7\u00e3o segue crit\u00e9rios t\u00e9cnicos relacionados \u00e0 infraestrutura urbana, \u00e0 capacidade de recep\u00e7\u00e3o de visitantes, \u00e0 relev\u00e2ncia ambiental da regi\u00e3o e \u00e0 presen\u00e7a de um ecossistema cultural ativo.<\/p>\n\n\n\n<p>Reconhecida por seu potencial tur\u00edstico e valor ambiental, B\u00fazios oferece a estrutura necess\u00e1ria para receber um evento que busca promover experi\u00eancias qualificadas, com foco em conte\u00fado art\u00edstico, bem-estar e educa\u00e7\u00e3o ambiental. A iniciativa pretende gerar impacto positivo tanto na economia criativa local quanto na forma\u00e7\u00e3o de novos p\u00fablicos, valorizando o territ\u00f3rio por meio de a\u00e7\u00f5es que aliam entretenimento e consci\u00eancia socioambiental.<\/p>\n\n\n\n<figure class=\"wp-block-image size-large\"><img fetchpriority=\"high\" decoding=\"async\" width=\"1024\" height=\"576\" src=\"https:\/\/droptimes.com.br\/site\/wp-content\/uploads\/2025\/05\/image-7-1024x576.png\" alt=\"\" class=\"wp-image-3769\" srcset=\"https:\/\/droptimes.com.br\/site\/wp-content\/uploads\/2025\/05\/image-7-1024x576.png 1024w, https:\/\/droptimes.com.br\/site\/wp-content\/uploads\/2025\/05\/image-7-300x169.png 300w, https:\/\/droptimes.com.br\/site\/wp-content\/uploads\/2025\/05\/image-7-768x432.png 768w, https:\/\/droptimes.com.br\/site\/wp-content\/uploads\/2025\/05\/image-7.png 1366w\" sizes=\"(max-width: 1024px) 100vw, 1024px\" \/><\/figure>\n\n\n\n<p>O&nbsp;<strong>Festival<\/strong>&nbsp;<strong>Cores de B\u00fazios se<\/strong>&nbsp;baseia em pilares como acolhimento, autenticidade, dinamismo e responsabilidade socioambiental, com uma linguagem acess\u00edvel, engajadora e conectada \u00e0 realidade local, ao mesmo tempo em que comunica valores de preserva\u00e7\u00e3o e regenera\u00e7\u00e3o da natureza. O evento se posiciona como um catalisador de pr\u00e1ticas sustent\u00e1veis e iniciativas culturais com foco no futuro, incentivando experi\u00eancias que fortale\u00e7am o v\u00ednculo entre pessoas, natureza e territ\u00f3rio. A proposta \u00e9 estabelecer um modelo de festival que v\u00e1 al\u00e9m do entretenimento e atue como agente transformador no espa\u00e7o em que se realiza.<\/p>\n\n\n\n<p>Al\u00e9m de tudo, a gastronomia \u00e9 um dos pontos chaves do&nbsp;<strong>Festival Cores de B\u00fazios<\/strong>, ao todo o card\u00e1pio do evento ser\u00e1 assinado por dez restaurantes conceituados da cidade, e por l\u00e1 ser\u00e1 servido em um estilo de festival gastron\u00f4mico, onde ter\u00e1 pre\u00e7os convidativos para o p\u00fablico.&nbsp;<\/p>\n\n\n\n<p>Para aqueles que buscam a arte no evento, o&nbsp;<strong>Festival Cores de B\u00fazios<\/strong>&nbsp;ter\u00e1 sua programa\u00e7\u00e3o comandada por coletivos de artistas em uma feira de artesanato. E o melhor de tudo isso \u00e9 que o evento comporta todas as idades, incluindo crian\u00e7as que ter\u00e3o um ambiente totalmente dedicado a eles, com programa\u00e7\u00e3o de brincadeiras, jogos e oficiais que aliam educa\u00e7\u00e3o e criatividade.<\/p>\n\n\n\n<p>E tudo isso vai acontecer em um lugar incr\u00edvel de B\u00fazios, o Clube Aret\u00ea B\u00fazios \u00e9 um complexo esportivo de alto padr\u00e3o, localizado dentro do bairro planejado Aret\u00ea B\u00fazios, um dos maiores empreendimentos imobili\u00e1rios do Brasil. Com infraestrutura moderna e equipamentos de excel\u00eancia assinados por especialistas em diversas modalidades, o clube oferece ambiente seguro e confort\u00e1vel para a pr\u00e1tica esportiva de alta performance. N\u00e3o fique de fora da primeira edi\u00e7\u00e3o do&nbsp;&nbsp;<strong>Festival Cores de B\u00fazios,&nbsp;<\/strong>este est\u00e1 sendo realizado pelo Grupo Privil\u00e8ge em parceira com a mango; ag\u00eancia criativa e laborat\u00f3rio cultural do Rio de Janeiro<\/p>\n\n\n\n<p><strong>Acompanhe Privil\u00e8ge B\u00fazios:&nbsp;<\/strong><a href=\"https:\/\/gmail.us22.list-manage.com\/track\/click?u=7a86e638012668149025d8237&amp;id=05ea2204b3&amp;e=ec09cd488c\" target=\"_blank\" rel=\"noreferrer noopener\">Instagram<\/a><\/p>\n\n\n\n<p><br><strong>Acompanhe Festival Cores de B\u00fazios:&nbsp;<\/strong><a href=\"https:\/\/gmail.us22.list-manage.com\/track\/click?u=7a86e638012668149025d8237&amp;id=a0e51cf73b&amp;e=ec09cd488c\" target=\"_blank\" rel=\"noreferrer noopener\">Instagram<\/a><\/p>\n\n\n\n<p><strong>Servi\u00e7o<\/strong><\/p>\n\n\n\n<p><strong>Festival Cores de B\u00fazios<\/strong><\/p>\n\n\n\n<p><strong>Data:<\/strong>&nbsp;26 de julho de 2025<\/p>\n\n\n\n<p><strong>Hor\u00e1rio:<\/strong>&nbsp;das 13h at\u00e9 23h<\/p>\n\n\n\n<p><strong>Local:&nbsp;<\/strong>Clube Aret\u00ea\/ B\u00fazios &#8211; RJ<\/p>\n\n\n\n<p><strong>Atra\u00e7\u00f5es:&nbsp;<\/strong>Baianasystem, Marcelo Falc\u00e3o, ETC apresenta Bora Jam convida: Amanda Coronha, Murilo Motta, Rafael Cardoso e Rosalu<\/p>\n\n\n\n<p><strong>Informa\u00e7\u00f5es para imprensa<\/strong><\/p>\n\n\n\n<p><strong>Das Musik<\/strong> @dasmusikbr<\/p>\n\n\n\n<p>Vit\u00f3ria Martins Zane<\/p>\n\n\n\n<p><a href=\"mailto:vitoria@dasmusikbr.com\" target=\"_blank\" rel=\"noreferrer noopener\">vitoria@dasmusikbr.com<\/a> | (11) 97525-0994<\/p>\n\n\n\n<p>Ana Luiza Van Hoorn<\/p>\n\n\n\n<p><a href=\"mailto:analuiza@dasmusikbr.com\" target=\"_blank\" rel=\"noreferrer noopener\">analuiza@dasmusikbr.com<\/a>  | (11) 96576-9320<\/p>\n\n\n\n<p><\/p>\n","protected":false},"excerpt":{"rendered":"<p>Ap\u00f3s o sucesso do Cores do Engenho em 2024, o festival expande suas fronteiras e realiza sua primeira edi\u00e7\u00e3o em B\u00fazios (RJ), reunindo arte, turismo e grandes nomes da m\u00fasica brasileira em uma proposta inovadora de impacto cultural e ambiental Ap\u00f3s o sucesso do Cores do Engenho, que aconteceu em agosto de 2024, o&nbsp;Festival&nbsp;Cores de [&hellip;]<\/p>\n","protected":false},"author":3,"featured_media":3767,"comment_status":"closed","ping_status":"closed","sticky":false,"template":"","format":"standard","meta":{"pagelayer_contact_templates":[],"_pagelayer_content":"","footnotes":""},"categories":[1],"tags":[],"class_list":["post-3766","post","type-post","status-publish","format-standard","has-post-thumbnail","hentry","category-uncategorized"],"_links":{"self":[{"href":"https:\/\/droptimes.com.br\/site\/wp-json\/wp\/v2\/posts\/3766","targetHints":{"allow":["GET"]}}],"collection":[{"href":"https:\/\/droptimes.com.br\/site\/wp-json\/wp\/v2\/posts"}],"about":[{"href":"https:\/\/droptimes.com.br\/site\/wp-json\/wp\/v2\/types\/post"}],"author":[{"embeddable":true,"href":"https:\/\/droptimes.com.br\/site\/wp-json\/wp\/v2\/users\/3"}],"replies":[{"embeddable":true,"href":"https:\/\/droptimes.com.br\/site\/wp-json\/wp\/v2\/comments?post=3766"}],"version-history":[{"count":2,"href":"https:\/\/droptimes.com.br\/site\/wp-json\/wp\/v2\/posts\/3766\/revisions"}],"predecessor-version":[{"id":3771,"href":"https:\/\/droptimes.com.br\/site\/wp-json\/wp\/v2\/posts\/3766\/revisions\/3771"}],"wp:featuredmedia":[{"embeddable":true,"href":"https:\/\/droptimes.com.br\/site\/wp-json\/wp\/v2\/media\/3767"}],"wp:attachment":[{"href":"https:\/\/droptimes.com.br\/site\/wp-json\/wp\/v2\/media?parent=3766"}],"wp:term":[{"taxonomy":"category","embeddable":true,"href":"https:\/\/droptimes.com.br\/site\/wp-json\/wp\/v2\/categories?post=3766"},{"taxonomy":"post_tag","embeddable":true,"href":"https:\/\/droptimes.com.br\/site\/wp-json\/wp\/v2\/tags?post=3766"}],"curies":[{"name":"wp","href":"https:\/\/api.w.org\/{rel}","templated":true}]}}