{"id":3708,"date":"2025-05-16T16:50:22","date_gmt":"2025-05-16T13:50:22","guid":{"rendered":"https:\/\/droptimes.com.br\/site\/?p=3708"},"modified":"2025-05-16T16:50:23","modified_gmt":"2025-05-16T13:50:23","slug":"ben-klock-dax-j-adiel-e-o-b2b-historico-de-eli-iwasa-e-vermelho-a-tempestade-sonora-que-faz-da-photon-no-gate-22-um-dos-rituais-mais-potentes-do-techno","status":"publish","type":"post","link":"https:\/\/droptimes.com.br\/site\/ben-klock-dax-j-adiel-e-o-b2b-historico-de-eli-iwasa-e-vermelho-a-tempestade-sonora-que-faz-da-photon-no-gate-22-um-dos-rituais-mais-potentes-do-techno\/","title":{"rendered":"Ben Klock, Dax J, Adiel e o B2B hist\u00f3rico de Eli Iwasa e Vermelho: a tempestade sonora que faz da Photon no Gate 22 um dos rituais mais potentes do techno"},"content":{"rendered":"\n<p><em>Projeto audiovisual de Ben Klock chega a Campinas em 23 de agosto; ingressos j\u00e1 est\u00e3o \u00e0 venda<\/em><\/p>\n\n\n\n<p><strong>Campinas, maio de 2025 &#8211;<\/strong>&nbsp;Lineup revelado, ingressos oficialmente \u00e0 venda para a&nbsp;<strong>Photon&nbsp;<\/strong>no&nbsp;<strong>Gate 22<\/strong>, que rola em 23 de agosto (<strong>Ingressos&nbsp;<\/strong><a href=\"https:\/\/www.ticket360.com.br\/ingressos\/30863\/ingressos-para-photon-brasil\" rel=\"noreferrer noopener\" target=\"_blank\"><strong>aqui<\/strong><\/a>). O projeto audiovisual criado por&nbsp;<strong>Ben Klock<\/strong>&nbsp;retorna ao Brasil com um lineup estelar que une gera\u00e7\u00f5es, continentes e vis\u00f5es sonoras dentro do escopo do techno:&nbsp;<strong>Ben Klock, Adiel, Dax J e Eli Iwasa B2B Vermelho<\/strong>.&nbsp;<\/p>\n\n\n\n<p>Saiba mais sobre cada um deles:<\/p>\n\n\n\n<p><strong>Ben Klock: O arquiteto do Berghain, mestre dos rituais de longa dura\u00e7\u00e3o<\/strong><\/p>\n\n\n\n<figure class=\"wp-block-image size-full\"><img fetchpriority=\"high\" decoding=\"async\" width=\"626\" height=\"795\" src=\"https:\/\/droptimes.com.br\/site\/wp-content\/uploads\/2025\/05\/Captura-de-tela-2025-05-16-103728.png\" alt=\"\" class=\"wp-image-3710\" srcset=\"https:\/\/droptimes.com.br\/site\/wp-content\/uploads\/2025\/05\/Captura-de-tela-2025-05-16-103728.png 626w, https:\/\/droptimes.com.br\/site\/wp-content\/uploads\/2025\/05\/Captura-de-tela-2025-05-16-103728-236x300.png 236w\" sizes=\"(max-width: 626px) 100vw, 626px\" \/><\/figure>\n\n\n\n<p>Figura central da cena techno berlinense, residente hist\u00f3rico do ic\u00f4nico Berghain e idealizador da Photon,&nbsp;<strong>Ben Klock<\/strong>&nbsp;\u00e9 um dos arquitetos sonoros que definiram o techno do s\u00e9culo XXI: hipn\u00f3tico, seco, cheio de tens\u00e3o e precis\u00e3o cir\u00fargica.&nbsp;<\/p>\n\n\n\n<p>Seu \u00e1lbum \u201cOne\u201d (2009) e faixas como &#8220;Subzero&#8221; e &#8220;Dawning&#8221; (com&nbsp;<strong>Marcel Dettmann<\/strong>) s\u00e3o marcos incontorn\u00e1veis do g\u00eanero.&nbsp;<\/p>\n\n\n\n<p>\u00c0 frente do selo&nbsp;<strong>Klockworks<\/strong>, ele fomenta a est\u00e9tica minimalista com impacto global. Seus sets longos, aclamados por pistas de T\u00f3quio a Detroit, foram eternizados em grava\u00e7\u00f5es para&nbsp;<strong>fabric<\/strong>, Berghain e&nbsp;<strong>BBC Radio 1<\/strong>&nbsp;\u2014 esta \u00faltima eleita&nbsp;<strong>Essential Mix of the Year<\/strong>&nbsp;em 2015.<\/p>\n\n\n\n<p><strong>Adiel: A nova sacerdotisa do som hipn\u00f3tico europeu<\/strong><\/p>\n\n\n\n<figure class=\"wp-block-gallery has-nested-images columns-default is-cropped wp-block-gallery-1 is-layout-flex wp-block-gallery-is-layout-flex\">\n<figure class=\"wp-block-image size-large\"><img decoding=\"async\" width=\"632\" height=\"793\" data-id=\"3712\" src=\"https:\/\/droptimes.com.br\/site\/wp-content\/uploads\/2025\/05\/Captura-de-tela-2025-05-16-103858-1.png\" alt=\"\" class=\"wp-image-3712\" srcset=\"https:\/\/droptimes.com.br\/site\/wp-content\/uploads\/2025\/05\/Captura-de-tela-2025-05-16-103858-1.png 632w, https:\/\/droptimes.com.br\/site\/wp-content\/uploads\/2025\/05\/Captura-de-tela-2025-05-16-103858-1-239x300.png 239w\" sizes=\"(max-width: 632px) 100vw, 632px\" \/><\/figure>\n<\/figure>\n\n\n\n<p>Resid\u00eancia na lend\u00e1ria&nbsp;<strong>Goa Ultrabeat<\/strong>&nbsp;de Roma, EPs celebrados ao lado de&nbsp;<strong>Donato Dozzy<\/strong>&nbsp;e&nbsp;<strong>Anthony Linell<\/strong>, apresenta\u00e7\u00f5es nos maiores clubs do mundo, como&nbsp;<strong>Panorama Bar<\/strong>,&nbsp;<strong>Printworks<\/strong>,&nbsp;<strong>De School<\/strong>&nbsp;e fabric, e uma est\u00e9tica sonora ritual\u00edstica e densa: a italiana&nbsp;<strong>Adiel&nbsp;<\/strong>\u00e9 o nome a ser reverenciado quando se fala em techno de imers\u00e3o total.&nbsp;<\/p>\n\n\n\n<p>Sua gravadora&nbsp;<strong>Danza Tribale<\/strong>&nbsp;\u00e9 uma plataforma para cria\u00e7\u00f5es org\u00e2nicas e obscuras, e lan\u00e7amentos como \u201cIf Not Now When?\u201d e \u201cMusicofilia\u201d mostram uma artista em constante evolu\u00e7\u00e3o.&nbsp;<\/p>\n\n\n\n<p>Nome de confian\u00e7a de Ben Klock, ela toca em mais uma edi\u00e7\u00e3o da Photon para provar que a for\u00e7a do som est\u00e1 nos detalhes invis\u00edveis. Adiel \u00e9 o equil\u00edbrio perfeito entre instinto, sofistica\u00e7\u00e3o e brutalidade.<\/p>\n\n\n\n<p><strong>Dax J: A tempestade brit\u00e2nica do techno global<\/strong><\/p>\n\n\n\n<figure class=\"wp-block-image size-full\"><img decoding=\"async\" width=\"798\" height=\"740\" src=\"https:\/\/droptimes.com.br\/site\/wp-content\/uploads\/2025\/05\/Captura-de-tela-2025-05-16-104742.png\" alt=\"\" class=\"wp-image-3718\" srcset=\"https:\/\/droptimes.com.br\/site\/wp-content\/uploads\/2025\/05\/Captura-de-tela-2025-05-16-104742.png 798w, https:\/\/droptimes.com.br\/site\/wp-content\/uploads\/2025\/05\/Captura-de-tela-2025-05-16-104742-300x278.png 300w, https:\/\/droptimes.com.br\/site\/wp-content\/uploads\/2025\/05\/Captura-de-tela-2025-05-16-104742-768x712.png 768w\" sizes=\"(max-width: 798px) 100vw, 798px\" \/><\/figure>\n\n\n\n<p>Dos por\u00f5es das r\u00e1dios piratas de Londres aos mainstages dos maiores festivais do mundo,&nbsp;<strong>Dax J<\/strong>&nbsp;construiu sua reputa\u00e7\u00e3o na base da intensidade, t\u00e9cnica e integridade art\u00edstica. Com sets que varam madrugadas (como as lend\u00e1rias sequ\u00eancias de dez horas no Berghain e no&nbsp;<strong>Bassiani<\/strong>), ele \u00e9 sin\u00f4nimo de techno veloz, denso e incans\u00e1vel.&nbsp;<\/p>\n\n\n\n<p>Lan\u00e7ado em outubro de 2015, seu disco \u201cShades of Black\u201d foi eleito \u00c1lbum do M\u00eas pela&nbsp;<strong>Mixmag&nbsp;<\/strong>e coroado pela cr\u00edtica especializada como uma obra-prima da pista. \u00c0 frente da gravadora&nbsp;<strong>Monnom Black<\/strong>, o brit\u00e2nico \u00e9 uma for\u00e7a incontrol\u00e1vel e necess\u00e1ria \u2014 uma entidade sonora que agita corpos e convic\u00e7\u00f5es por onde passa.<\/p>\n\n\n\n<p><strong>Eli Iwasa B2B Vermelho: O encontro hist\u00f3rico entre dois pilares da cena brasileira<\/strong><\/p>\n\n\n\n<figure class=\"wp-block-gallery has-nested-images columns-default is-cropped wp-block-gallery-2 is-layout-flex wp-block-gallery-is-layout-flex\">\n<figure class=\"wp-block-image size-large\"><img loading=\"lazy\" decoding=\"async\" width=\"631\" height=\"791\" data-id=\"3716\" src=\"https:\/\/droptimes.com.br\/site\/wp-content\/uploads\/2025\/05\/Captura-de-tela-2025-05-16-104307.png\" alt=\"\" class=\"wp-image-3716\" srcset=\"https:\/\/droptimes.com.br\/site\/wp-content\/uploads\/2025\/05\/Captura-de-tela-2025-05-16-104307.png 631w, https:\/\/droptimes.com.br\/site\/wp-content\/uploads\/2025\/05\/Captura-de-tela-2025-05-16-104307-239x300.png 239w\" sizes=\"(max-width: 631px) 100vw, 631px\" \/><\/figure>\n\n\n\n<figure class=\"wp-block-image size-large\"><img loading=\"lazy\" decoding=\"async\" width=\"613\" height=\"801\" data-id=\"3717\" src=\"https:\/\/droptimes.com.br\/site\/wp-content\/uploads\/2025\/05\/Captura-de-tela-2025-05-16-104509.png\" alt=\"\" class=\"wp-image-3717\" srcset=\"https:\/\/droptimes.com.br\/site\/wp-content\/uploads\/2025\/05\/Captura-de-tela-2025-05-16-104509.png 613w, https:\/\/droptimes.com.br\/site\/wp-content\/uploads\/2025\/05\/Captura-de-tela-2025-05-16-104509-230x300.png 230w\" sizes=\"(max-width: 613px) 100vw, 613px\" \/><\/figure>\n<\/figure>\n\n\n\n<p>Ela \u00e9 uma das artistas mais influentes da m\u00fasica eletr\u00f4nica nacional, com passagens por festivais como&nbsp;<strong>Lollapalooza<\/strong>,&nbsp;<strong>Time Warp<\/strong>&nbsp;e&nbsp;<strong>Rock in Rio<\/strong>, al\u00e9m de ser s\u00f3cia de clubes ic\u00f4nicos como&nbsp;<strong>CAOS&nbsp;<\/strong>e&nbsp;<strong>Club 88<\/strong>.&nbsp;<\/p>\n\n\n\n<p>Ele \u00e9 o c\u00e9rebro por tr\u00e1s da&nbsp;<strong>ODD<\/strong>, curador da&nbsp;<strong>In Their Feelings<\/strong>, artista multim\u00eddia e respons\u00e1vel por algumas das pistas mais inesquec\u00edveis do underground latino-americano.&nbsp;<\/p>\n\n\n\n<p><strong>Eli Iwasa<\/strong>&nbsp;e&nbsp;<strong>Vermelho<\/strong>&nbsp;unir\u00e3o for\u00e7as em um B2B in\u00e9dito na Photon, prometendo uma narrativa que transcende fronteiras e estilos. Expectativa: alta voltagem emocional, groove futurista e uma ode ao poder transformador da noite.<\/p>\n\n\n\n<p>Os ingressos est\u00e3o \u00e0 venda via&nbsp;<a href=\"https:\/\/www.ticket360.com.br\/ingressos\/30863\/ingressos-para-photon-brasil\" rel=\"noreferrer noopener\" target=\"_blank\"><strong>Ticket360<\/strong><\/a>.<\/p>\n\n\n\n<p><strong>Servi\u00e7o<\/strong><\/p>\n\n\n\n<p><strong><em>Gate 22 apresenta Photon<\/em><\/strong><\/p>\n\n\n\n<p><strong>Local<\/strong>: Gate 22 &#8211;&nbsp;<a href=\"https:\/\/www.google.com\/search?tbs=lf:1,lf_ui:2&amp;tbm=lcl&amp;sxsrf=AJOqlzXj4YgW4KXafmrMhQyrFLn51WL4Kw:1677795570523&amp;q=gate+22+campinas&amp;rflfq=1&amp;num=10&amp;rldimm=5202281790912082651&amp;ved=2ahUKEwjDmPLHo779AhWiHLkGHRqZCrwQu9QIegQIVhAK#rlfi=hd:;si:5202281790912082651,l,ChBnYXRlIDIyIGNhbXBpbmFzSPih87-qsYCACFokEAAQARgAGAEYAiIQZ2F0ZSAyMiBjYW1waW5hcyoGCAIQABABkgEKbmlnaHRfY2x1YqoBIxABGh8QASIbhcFUirQn5kysQM--VWbrNZotWbnfBYXXELgC;mv:[[-22.8192854,-47.039590399999994],[-22.937637199999998,-47.098796799999995]]\" rel=\"noreferrer noopener\" target=\"_blank\">R. Guido de Camargo Penteado Sobrinho, 3055 &#8211; Ch\u00e1cara de Recreio Barao, Campinas &#8211; SP<\/a><\/p>\n\n\n\n<p><strong>Atra\u00e7\u00f5es<\/strong>: Adiel, Ben Klock, Dax J e Eli Iwasa B2B Vermelho<\/p>\n\n\n\n<p><strong>Data:&nbsp;<\/strong>23 de agosto (s\u00e1bado)<\/p>\n\n\n\n<p><strong>Hor\u00e1rio:&nbsp;<\/strong>A partir das 22h<\/p>\n\n\n\n<p><strong>Ingressos:<\/strong>&nbsp;A partir de R$ 100,00 (+ taxas) via&nbsp;<a href=\"https:\/\/www.ticket360.com.br\/ingressos\/30863\/ingressos-para-photon-brasil\" rel=\"noreferrer noopener\" target=\"_blank\">Ticket360<\/a><\/p>\n\n\n\n<p><strong>Sobre o Gate 22<\/strong><\/p>\n\n\n\n<p>Dos mesmos fundadores de CAOS, Club 88, Galer\u00eca 1212 e Pista \u2014 Eli Iwasa, Salin Miguel, Juka Pinsetta e Antonio Carlos Diaz \u2014, o @<a href=\"https:\/\/www.instagram.com\/gate22br\/\">Gate22 <\/a>nasce com o objetivo de fomentar ainda mais a cultura e o entretenimento no interior paulista.<\/p>\n\n\n\n<p><strong><em>&nbsp;&nbsp;&nbsp;&nbsp;&nbsp;Informa\u00e7\u00e3o para a imprensa:<\/em><\/strong><em>&nbsp;@theborealagency<\/em><\/p>\n","protected":false},"excerpt":{"rendered":"<p>Projeto audiovisual de Ben Klock chega a Campinas em 23 de agosto; ingressos j\u00e1 est\u00e3o \u00e0 venda Campinas, maio de 2025 &#8211;&nbsp;Lineup revelado, ingressos oficialmente \u00e0 venda para a&nbsp;Photon&nbsp;no&nbsp;Gate 22, que rola em 23 de agosto (Ingressos&nbsp;aqui). O projeto audiovisual criado por&nbsp;Ben Klock&nbsp;retorna ao Brasil com um lineup estelar que une gera\u00e7\u00f5es, continentes e vis\u00f5es [&hellip;]<\/p>\n","protected":false},"author":3,"featured_media":3709,"comment_status":"closed","ping_status":"closed","sticky":false,"template":"","format":"standard","meta":{"pagelayer_contact_templates":[],"_pagelayer_content":"","footnotes":""},"categories":[159,20],"tags":[285,174,170,173,286,162,167],"class_list":["post-3708","post","type-post","status-publish","format-standard","has-post-thumbnail","hentry","category-destaques","category-lifestyle","tag-campinas","tag-dj","tag-edm","tag-evento-de-musica-eletronica","tag-gate22","tag-musica-eletronica","tag-techno"],"_links":{"self":[{"href":"https:\/\/droptimes.com.br\/site\/wp-json\/wp\/v2\/posts\/3708","targetHints":{"allow":["GET"]}}],"collection":[{"href":"https:\/\/droptimes.com.br\/site\/wp-json\/wp\/v2\/posts"}],"about":[{"href":"https:\/\/droptimes.com.br\/site\/wp-json\/wp\/v2\/types\/post"}],"author":[{"embeddable":true,"href":"https:\/\/droptimes.com.br\/site\/wp-json\/wp\/v2\/users\/3"}],"replies":[{"embeddable":true,"href":"https:\/\/droptimes.com.br\/site\/wp-json\/wp\/v2\/comments?post=3708"}],"version-history":[{"count":1,"href":"https:\/\/droptimes.com.br\/site\/wp-json\/wp\/v2\/posts\/3708\/revisions"}],"predecessor-version":[{"id":3719,"href":"https:\/\/droptimes.com.br\/site\/wp-json\/wp\/v2\/posts\/3708\/revisions\/3719"}],"wp:featuredmedia":[{"embeddable":true,"href":"https:\/\/droptimes.com.br\/site\/wp-json\/wp\/v2\/media\/3709"}],"wp:attachment":[{"href":"https:\/\/droptimes.com.br\/site\/wp-json\/wp\/v2\/media?parent=3708"}],"wp:term":[{"taxonomy":"category","embeddable":true,"href":"https:\/\/droptimes.com.br\/site\/wp-json\/wp\/v2\/categories?post=3708"},{"taxonomy":"post_tag","embeddable":true,"href":"https:\/\/droptimes.com.br\/site\/wp-json\/wp\/v2\/tags?post=3708"}],"curies":[{"name":"wp","href":"https:\/\/api.w.org\/{rel}","templated":true}]}}